{"id":5820,"date":"2016-10-18T00:00:50","date_gmt":"2016-10-18T00:00:50","guid":{"rendered":"https:\/\/www.khd.com\/unkategorisiert\/khd-appoints-new-chief-executive-officer-ceo\/"},"modified":"2022-09-20T07:17:37","modified_gmt":"2022-09-20T05:17:37","slug":"khd-ernennt-neuen-vorstandsvorsitzenden-ceo","status":"publish","type":"post","link":"https:\/\/www.khd.com\/de\/khd-ernennt-neuen-vorstandsvorsitzenden-ceo\/","title":{"rendered":"KHD ernennt neuen Vorstandsvorsitzenden (CEO)"},"content":{"rendered":"<div id='av_section_1'  class='avia-section av-7tap-7e46f9373cc54e8e97b8032b2e014294 main_color avia-section-default avia-no-border-styling  avia-builder-el-0  el_before_av_section  avia-builder-el-first  avia-bg-style-scroll container_wrap fullsize'  ><div class='container av-section-cont-open' ><main  role=\"main\" itemprop=\"mainContentOfPage\"  class='template-page content  av-content-full alpha units'><div class='post-entry post-entry-type-page post-entry-5820'><div class='entry-content-wrapper clearfix'>\n\n<style type=\"text\/css\" data-created_by=\"avia_inline_auto\" id=\"style-css-av-5x3p-7efae395e670afe547c19139c98d282a\">\n.flex_column.av-5x3p-7efae395e670afe547c19139c98d282a{\nborder-radius:0px 0px 0px 0px;\npadding:0px 0px 0px 0px;\n}\n<\/style>\n<div  class='flex_column av-5x3p-7efae395e670afe547c19139c98d282a av_one_fifth  avia-builder-el-1  el_before_av_three_fifth  avia-builder-el-first  first flex_column_div av-zero-column-padding  '     ><\/div>\n<style type=\"text\/css\" data-created_by=\"avia_inline_auto\" id=\"style-css-av-34of-66208a8ebea5c1949de103f9aec1c556\">\n.flex_column.av-34of-66208a8ebea5c1949de103f9aec1c556{\nborder-radius:0px 0px 0px 0px;\npadding:0px 0px 0px 0px;\n}\n<\/style>\n<div  class='flex_column av-34of-66208a8ebea5c1949de103f9aec1c556 av_three_fifth  avia-builder-el-2  el_after_av_one_fifth  avia-builder-el-last  flex_column_div av-zero-column-padding  '     ><p><div  class='av-post-metadata-container av-kwqdseni-93f25cd57da25b4ee329724497650b8b av-metadata-container-align-left  avia-builder-el-3  el_before_av_textblock  avia-builder-el-first  av-metadata-container-1'><div class='av-post-metadata-container-inner'><span class=\"av-post-metadata-content av-post-metadata-meta-content\"><span class=\"av-post-metadata-content av-post-metadata-published\"><span class=\"av-post-metadata-published-date\" >18. Oktober 2016<\/span><\/span><\/span><\/div><\/div><br \/>\n<section  class='av_textblock_section av-kl22qic0-0347a4135596f8c4273c4540706943d9 '   itemscope=\"itemscope\" itemtype=\"https:\/\/schema.org\/BlogPosting\" itemprop=\"blogPost\" ><div class='avia_textblock'  itemprop=\"text\" ><h1>KHD ernennt neuen Vorstandsvorsitzenden (CEO)<\/h1>\n<\/div><\/section><br \/>\n<section  class='av_textblock_section av-kl22qic0-0347a4135596f8c4273c4540706943d9 '   itemscope=\"itemscope\" itemtype=\"https:\/\/schema.org\/BlogPosting\" itemprop=\"blogPost\" ><div class='avia_textblock'  itemprop=\"text\" ><p>K\u00f6ln, 18. Oktober 2016 \u2013 Der Aufsichtsrat der KHD Humboldt Wedag International AG (KHD), K\u00f6ln, hat heute Herrn Gerold Keune mit sofortiger Wirkung zum Vorstandsvorsitzenden (CEO) ernannt.<\/p>\n<\/div><\/section><br \/>\n\n<style type=\"text\/css\" data-created_by=\"avia_inline_auto\" id=\"style-css-av-kwndvhpm-c8a8dec71779db6e9d9b82801eb72fff\">\n#top .hr.hr-invisible.av-kwndvhpm-c8a8dec71779db6e9d9b82801eb72fff{\nheight:50px;\n}\n<\/style>\n<div  class='hr av-kwndvhpm-c8a8dec71779db6e9d9b82801eb72fff hr-invisible  avia-builder-el-6  el_after_av_textblock  el_before_av_textblock '><span class='hr-inner '><span class=\"hr-inner-style\"><\/span><\/span><\/div><br \/>\n<section  class='av_textblock_section av-kl22qic0-0347a4135596f8c4273c4540706943d9 '   itemscope=\"itemscope\" itemtype=\"https:\/\/schema.org\/BlogPosting\" itemprop=\"blogPost\" ><div class='avia_textblock'  itemprop=\"text\" ><h4>\u00dcber KHD<\/h4>\n<p>KHD z\u00e4hlt zu den weltweit f\u00fchrenden Anbietern von Ausr\u00fcstungen und Dienstleistungen f\u00fcr Zementproduzenten und verf\u00fcgt \u00fcber mehr als 150 Jahre Erfahrung im Zementanlagenbau. Zu den Kernkompetenzen des technologiefokussierten Konzerns z\u00e4hlen Verfahrenstechnik und Projektdurchf\u00fchrung. KHD bietet eine breite Palette an Produkten und Dienstleistungen f\u00fcr die Zementindustrie und bietet eine Vorreiterrolle bei umweltfreundlichen und energieeffizienten Produkten f\u00fcr Mahl- und Pyroprozess-Technologien. Die Holdinggesellschaft KHD Humboldt Wedag International AG mit Sitz in K\u00f6ln steuert dabei die international t\u00e4tigen Tochtergesellschaften. Weltweit besch\u00e4ftigt der Konzern \u00fcber 750 Mitarbeiter und ist mit Kundenservicecentern in Wachstumsm\u00e4rkten wie Indien, Russland und der Region Asien-Pazifik vertreten. Die KHD Humboldt Wedag International AG (ISIN: DE0006578008, WKN: 657800) ist an der Frankfurter Wertpapierb\u00f6rse (General Standard) notiert. Weitere Informationen finden Sie unter www.khd.com.<\/p>\n<\/div><\/section><br \/>\n\n<style type=\"text\/css\" data-created_by=\"avia_inline_auto\" id=\"style-css-av-av_hr-3a876428eececa9d35452247ddb053af\">\n#top .hr.hr-invisible.av-av_hr-3a876428eececa9d35452247ddb053af{\nheight:50px;\n}\n<\/style>\n<div  class='hr av-av_hr-3a876428eececa9d35452247ddb053af hr-invisible  avia-builder-el-8  el_after_av_textblock  el_before_av_textblock '><span class='hr-inner '><span class=\"hr-inner-style\"><\/span><\/span><\/div><br \/>\n<section  class='av_textblock_section av-kx0b39tn-ef30a2fcf82fd78e2f47e613e03e5ff0 '   itemscope=\"itemscope\" itemtype=\"https:\/\/schema.org\/BlogPosting\" itemprop=\"blogPost\" ><div class='avia_textblock'  itemprop=\"text\" ><h4>Zusatzinformationen:<\/h4>\n<p>ISIN: DE0006578008<br \/>\nWKN: 657800<br \/>\nMarktsegment: Regulierter Markt (General Standard) der Frankfurter Wertpapierb\u00f6rse<\/p>\n<\/div><\/section><br \/>\n\n<style type=\"text\/css\" data-created_by=\"avia_inline_auto\" id=\"style-css-av-3l61uv-1ff57dd6927001374027f1e3c9c5c5bf\">\n#top .hr.hr-invisible.av-3l61uv-1ff57dd6927001374027f1e3c9c5c5bf{\nheight:16px;\n}\n<\/style>\n<div  class='hr av-3l61uv-1ff57dd6927001374027f1e3c9c5c5bf hr-invisible  avia-builder-el-10  el_after_av_textblock  el_before_av_textblock '><span class='hr-inner '><span class=\"hr-inner-style\"><\/span><\/span><\/div><br \/>\n<section  class='av_textblock_section av-kwqdz2h1-a13c2f476bda6595ad54c125302acf64 '   itemscope=\"itemscope\" itemtype=\"https:\/\/schema.org\/BlogPosting\" itemprop=\"blogPost\" ><div class='avia_textblock'  itemprop=\"text\" ><p>KHD Humboldt Wedag International AG<br \/>\nColonia-Allee 3<br \/>\n51067 K\u00f6ln<\/p>\n<\/div><\/section><br \/>\n\n<style type=\"text\/css\" data-created_by=\"avia_inline_auto\" id=\"style-css-av-axsgm-909599200b561e9167d017dcac70d403\">\n#top .hr.hr-invisible.av-axsgm-909599200b561e9167d017dcac70d403{\nheight:50px;\n}\n<\/style>\n<div  class='hr av-axsgm-909599200b561e9167d017dcac70d403 hr-invisible  avia-builder-el-12  el_after_av_textblock  el_before_av_textblock '><span class='hr-inner '><span class=\"hr-inner-style\"><\/span><\/span><\/div><br \/>\n<section  class='av_textblock_section av-kl22qic0-0347a4135596f8c4273c4540706943d9 '   itemscope=\"itemscope\" itemtype=\"https:\/\/schema.org\/BlogPosting\" itemprop=\"blogPost\" ><div class='avia_textblock'  itemprop=\"text\" ><h4>Kontakt<\/h4>\n<p>KHD Humboldt Wedag International AG<br \/>\nMichael Nielsen<br \/>\nInvestor Relations<\/p>\n<\/div><\/section><br \/>\n\n<style type=\"text\/css\" data-created_by=\"avia_inline_auto\" id=\"style-css-av-kwqdzn7b-af0a3ee074b997aa23fbb9b8332ece1c\">\n#top .hr.hr-invisible.av-kwqdzn7b-af0a3ee074b997aa23fbb9b8332ece1c{\nheight:16px;\n}\n<\/style>\n<div  class='hr av-kwqdzn7b-af0a3ee074b997aa23fbb9b8332ece1c hr-invisible  avia-builder-el-14  el_after_av_textblock  el_before_av_textblock '><span class='hr-inner '><span class=\"hr-inner-style\"><\/span><\/span><\/div><br \/>\n<section  class='av_textblock_section av-kwqdzfpz-7ed70a92d06d2ba7bfa890ea0cf39c1e '   itemscope=\"itemscope\" itemtype=\"https:\/\/schema.org\/BlogPosting\" itemprop=\"blogPost\" ><div class='avia_textblock'  itemprop=\"text\" ><p>Tel.: +49 (0)221 \u2013 6504-1500<br \/>\nE-Mail: michael.nielsen@khd.com<br \/>\nWebsite: www.khd.com<\/p>\n<\/div><\/section><br \/>\n\n<style type=\"text\/css\" data-created_by=\"avia_inline_auto\" id=\"style-css-av-2liefr-f8642e49a82ef140896e815a895d7603\">\n#top .hr.hr-invisible.av-2liefr-f8642e49a82ef140896e815a895d7603{\nheight:50px;\n}\n<\/style>\n<div  class='hr av-2liefr-f8642e49a82ef140896e815a895d7603 hr-invisible  avia-builder-el-16  el_after_av_textblock  el_before_av_button '><span class='hr-inner '><span class=\"hr-inner-style\"><\/span><\/span><\/div><br \/>\n<div  class='avia-button-wrap av-kh3gimys-0e47128808386f0b4d9909bd1c65cd84-wrap avia-button-left  avia-builder-el-17  el_after_av_hr  avia-builder-el-last  khd-btn'><a href='#go-back'  class='avia-button av-kh3gimys-0e47128808386f0b4d9909bd1c65cd84 av-link-btn avia-icon_select-no avia-size-large avia-position-left avia-color-theme-color'   aria-label=\"Zur\u00fcck\"><span class='avia_iconbox_title' >Zur\u00fcck<\/span><\/a><\/div><\/p><\/div><\/div><\/div><\/main><!-- close content main element --><\/div><\/div><div id='av_section_2'  class='avia-section av-7tap-7e46f9373cc54e8e97b8032b2e014294 main_color avia-section-default avia-no-border-styling  avia-builder-el-18  el_after_av_section  avia-builder-el-last  avia-bg-style-scroll container_wrap fullsize'  ><div class='container av-section-cont-open' ><div class='template-page content  av-content-full alpha units'><div class='post-entry post-entry-type-page post-entry-5820'><div class='entry-content-wrapper clearfix'>\n\n<style type=\"text\/css\" data-created_by=\"avia_inline_auto\" id=\"style-css-av-5x3p-7efae395e670afe547c19139c98d282a\">\n.flex_column.av-5x3p-7efae395e670afe547c19139c98d282a{\nborder-radius:0px 0px 0px 0px;\npadding:0px 0px 0px 0px;\n}\n<\/style>\n<div  class='flex_column av-5x3p-7efae395e670afe547c19139c98d282a av_one_fifth  avia-builder-el-19  el_before_av_three_fifth  avia-builder-el-first  first flex_column_div av-zero-column-padding  '     ><\/div>\n<style type=\"text\/css\" data-created_by=\"avia_inline_auto\" id=\"style-css-av-34of-66208a8ebea5c1949de103f9aec1c556\">\n.flex_column.av-34of-66208a8ebea5c1949de103f9aec1c556{\nborder-radius:0px 0px 0px 0px;\npadding:0px 0px 0px 0px;\n}\n<\/style>\n<div  class='flex_column av-34of-66208a8ebea5c1949de103f9aec1c556 av_three_fifth  avia-builder-el-20  el_after_av_one_fifth  avia-builder-el-last  flex_column_div av-zero-column-padding  '     ><section  class='av_textblock_section av-kl22qic0-0347a4135596f8c4273c4540706943d9 '   itemscope=\"itemscope\" itemtype=\"https:\/\/schema.org\/BlogPosting\" itemprop=\"blogPost\" ><div class='avia_textblock'  itemprop=\"text\" ><h4>Verwandte Themen<\/h4>\n<\/div><\/section><br \/>\n<div  class='av-alb-blogposts template-blog  khd-news-overview '  itemscope=\"itemscope\" itemtype=\"https:\/\/schema.org\/Blog\" ><article class=\"post-entry post-entry-type-standard post-entry-124928 post-loop-1 post-parity-odd bloglist-excerpt  post-124928 post type-post status-publish format-standard hentry category-investor-relations-de category-ir-adhoc-de\"  itemscope=\"itemscope\" itemtype=\"https:\/\/schema.org\/BlogPosting\" ><div class=\"blog-meta\"><\/div><div class='entry-content-wrapper clearfix standard-content'><header class=\"entry-content-header\" aria-label=\"Post: Wechsel des Vorstandsvorsitzenden der KHD\"><h2 class='post-title entry-title '  itemprop=\"headline\" ><a href=\"https:\/\/www.khd.com\/de\/2025-wechsel-des-vorstandsvorsitzenden-der-khd\/\" rel=\"bookmark\" title=\"Permanenter Link zu: Wechsel des Vorstandsvorsitzenden der KHD\">Wechsel des Vorstandsvorsitzenden der KHD<span class=\"post-format-icon minor-meta\"><\/span><\/a><\/h2><span class=\"post-meta-infos\"><time class=\"date-container minor-meta updated\"  itemprop=\"datePublished\" datetime=\"2025-11-18T12:31:46+01:00\" >18. November 2025<\/time><span class=\"text-sep\">\/<\/span><span class=\"blog-categories minor-meta\">in <a href=\"https:\/\/www.khd.com\/de\/category\/investor-relations-de\/\" rel=\"tag\">investor-relations<\/a>, <a href=\"https:\/\/www.khd.com\/de\/category\/investor-relations-de\/ir-adhoc-de\/\" rel=\"tag\">IR \u2013 Ad hoc Disclosures<\/a><\/span><span class=\"text-sep\">\/<\/span><span class=\"blog-author minor-meta\">von <span class=\"entry-author-link\"  itemprop=\"author\" ><span class=\"author\"><span class=\"fn\"><a href=\"https:\/\/www.khd.com\/de\/author\/bastian\/\" title=\"Beitr\u00e4ge von Bastian Hampel\" rel=\"author\">Bastian Hampel<\/a><\/span><\/span><\/span><\/span><\/span><\/header><p>Der Aufsichtsrat der KHD Humboldt Wedag International AG (KHD), K\u00f6ln, hat den Vorstand der KHD heute dar\u00fcber informiert, dass der Vorstandsvorsitzende (CEO), Herr Jianlong Shen, sein Amt als Mitglied des Vorstands mit Wirkung zum 20. Dezember 2025 niederlegt hat.<\/p>\n<div class=\"read-more-link\"><a href=\"https:\/\/www.khd.com\/de\/2025-wechsel-des-vorstandsvorsitzenden-der-khd\/\" class=\"more-link\">Weiterlesen<span class='more-link-arrow avia-svg-icon avia-font-svg_entypo-fontello' data-av_svg_icon='right-open-big' data-av_iconset='svg_entypo-fontello'><svg version=\"1.1\" xmlns=\"http:\/\/www.w3.org\/2000\/svg\" width=\"15\" height=\"32\" viewBox=\"0 0 15 32\" preserveAspectRatio=\"xMidYMid meet\" role=\"graphics-symbol\" aria-hidden=\"true\">\n<path d=\"M0.416 27.84l11.456-11.84-11.456-11.904q-0.832-0.832 0-1.536 0.832-0.832 1.536 0l12.544 12.608q0.768 0.832 0 1.6l-12.544 12.608q-0.704 0.832-1.536 0-0.832-0.704 0-1.536z\"><\/path>\n<\/svg><\/span><\/a><\/div><footer class=\"entry-footer\"><\/footer><div class='post_delimiter'><\/div><\/div><div class=\"post_author_timeline\"><\/div><span class='hidden'>\n\t\t\t\t<span class='av-structured-data'  itemprop=\"image\" itemscope=\"itemscope\" itemtype=\"https:\/\/schema.org\/ImageObject\" >\n\t\t\t\t\t\t<span itemprop='url'>https:\/\/www.khd.com\/wp-content\/uploads\/2020\/11\/khd-logo.svg<\/span>\n\t\t\t\t\t\t<span itemprop='height'>0<\/span>\n\t\t\t\t\t\t<span itemprop='width'>0<\/span>\n\t\t\t\t<\/span>\n\t\t\t\t<span class='av-structured-data'  itemprop=\"publisher\" itemtype=\"https:\/\/schema.org\/Organization\" itemscope=\"itemscope\" >\n\t\t\t\t\t\t<span itemprop='name'>Bastian Hampel<\/span>\n\t\t\t\t\t\t<span itemprop='logo' itemscope itemtype='https:\/\/schema.org\/ImageObject'>\n\t\t\t\t\t\t\t<span itemprop='url'>https:\/\/www.khd.com\/wp-content\/uploads\/2020\/11\/khd-logo.svg<\/span>\n\t\t\t\t\t\t<\/span>\n\t\t\t\t<\/span><span class='av-structured-data'  itemprop=\"author\" itemscope=\"itemscope\" itemtype=\"https:\/\/schema.org\/Person\" ><span itemprop='name'>Bastian Hampel<\/span><\/span><span class='av-structured-data'  itemprop=\"datePublished\" datetime=\"2025-11-18T12:31:46+01:00\" >2025-11-18 12:31:46<\/span><span class='av-structured-data'  itemprop=\"dateModified\" itemtype=\"https:\/\/schema.org\/dateModified\" >2025-11-18 15:39:01<\/span><span class='av-structured-data'  itemprop=\"mainEntityOfPage\" itemtype=\"https:\/\/schema.org\/mainEntityOfPage\" ><span itemprop='name'>Wechsel des Vorstandsvorsitzenden der KHD<\/span><\/span><\/span><\/article><article class=\"post-entry post-entry-type-standard post-entry-124374 post-loop-2 post-parity-even bloglist-excerpt  post-124374 post type-post status-publish format-standard hentry category-investor-relations-de category-ir-adhoc-de\"  itemscope=\"itemscope\" itemtype=\"https:\/\/schema.org\/BlogPosting\" ><div class=\"blog-meta\"><\/div><div class='entry-content-wrapper clearfix standard-content'><header class=\"entry-content-header\" aria-label=\"Post: KHD hebt Ergebnisprognose an\"><h2 class='post-title entry-title '  itemprop=\"headline\" ><a href=\"https:\/\/www.khd.com\/de\/khd-hebt-ergebnisprognose-an-2\/\" rel=\"bookmark\" title=\"Permanenter Link zu: KHD hebt Ergebnisprognose an\">KHD hebt Ergebnisprognose an<span class=\"post-format-icon minor-meta\"><\/span><\/a><\/h2><span class=\"post-meta-infos\"><time class=\"date-container minor-meta updated\"  itemprop=\"datePublished\" datetime=\"2025-08-08T12:08:21+02:00\" >8. August 2025<\/time><span class=\"text-sep\">\/<\/span><span class=\"blog-categories minor-meta\">in <a href=\"https:\/\/www.khd.com\/de\/category\/investor-relations-de\/\" rel=\"tag\">investor-relations<\/a>, <a href=\"https:\/\/www.khd.com\/de\/category\/investor-relations-de\/ir-adhoc-de\/\" rel=\"tag\">IR \u2013 Ad hoc Disclosures<\/a><\/span><span class=\"text-sep\">\/<\/span><span class=\"blog-author minor-meta\">von <span class=\"entry-author-link\"  itemprop=\"author\" ><span class=\"author\"><span class=\"fn\"><a href=\"https:\/\/www.khd.com\/de\/author\/sabine-marzola\/\" title=\"Beitr\u00e4ge von Sabine Marzola\" rel=\"author\">Sabine Marzola<\/a><\/span><\/span><\/span><\/span><\/span><\/header><p>Vor dem Hintergrund der aktualisierten Unternehmens\u00adplanung und der guten Entwicklung der Ertragslage im bisherigen Verlauf des Gesch\u00e4ftsjahrs 2025 hebt die KHD Humboldt Wedag International AG (KHD), K\u00f6ln, die Ergebnisprognose des Konzerns f\u00fcr das Gesch\u00e4ftsjahr 2025 an.<\/p>\n<div class=\"read-more-link\"><a href=\"https:\/\/www.khd.com\/de\/khd-hebt-ergebnisprognose-an-2\/\" class=\"more-link\">Weiterlesen<span class='more-link-arrow avia-svg-icon avia-font-svg_entypo-fontello' data-av_svg_icon='right-open-big' data-av_iconset='svg_entypo-fontello'><svg version=\"1.1\" xmlns=\"http:\/\/www.w3.org\/2000\/svg\" width=\"15\" height=\"32\" viewBox=\"0 0 15 32\" preserveAspectRatio=\"xMidYMid meet\" role=\"graphics-symbol\" aria-hidden=\"true\">\n<path d=\"M0.416 27.84l11.456-11.84-11.456-11.904q-0.832-0.832 0-1.536 0.832-0.832 1.536 0l12.544 12.608q0.768 0.832 0 1.6l-12.544 12.608q-0.704 0.832-1.536 0-0.832-0.704 0-1.536z\"><\/path>\n<\/svg><\/span><\/a><\/div><footer class=\"entry-footer\"><\/footer><div class='post_delimiter'><\/div><\/div><div class=\"post_author_timeline\"><\/div><span class='hidden'>\n\t\t\t\t<span class='av-structured-data'  itemprop=\"image\" itemscope=\"itemscope\" itemtype=\"https:\/\/schema.org\/ImageObject\" >\n\t\t\t\t\t\t<span itemprop='url'>https:\/\/www.khd.com\/wp-content\/uploads\/2020\/11\/khd-logo.svg<\/span>\n\t\t\t\t\t\t<span itemprop='height'>0<\/span>\n\t\t\t\t\t\t<span itemprop='width'>0<\/span>\n\t\t\t\t<\/span>\n\t\t\t\t<span class='av-structured-data'  itemprop=\"publisher\" itemtype=\"https:\/\/schema.org\/Organization\" itemscope=\"itemscope\" >\n\t\t\t\t\t\t<span itemprop='name'>Sabine Marzola<\/span>\n\t\t\t\t\t\t<span itemprop='logo' itemscope itemtype='https:\/\/schema.org\/ImageObject'>\n\t\t\t\t\t\t\t<span itemprop='url'>https:\/\/www.khd.com\/wp-content\/uploads\/2020\/11\/khd-logo.svg<\/span>\n\t\t\t\t\t\t<\/span>\n\t\t\t\t<\/span><span class='av-structured-data'  itemprop=\"author\" itemscope=\"itemscope\" itemtype=\"https:\/\/schema.org\/Person\" ><span itemprop='name'>Sabine Marzola<\/span><\/span><span class='av-structured-data'  itemprop=\"datePublished\" datetime=\"2025-08-08T12:08:21+02:00\" >2025-08-08 12:08:21<\/span><span class='av-structured-data'  itemprop=\"dateModified\" itemtype=\"https:\/\/schema.org\/dateModified\" >2025-08-08 17:54:44<\/span><span class='av-structured-data'  itemprop=\"mainEntityOfPage\" itemtype=\"https:\/\/schema.org\/mainEntityOfPage\" ><span itemprop='name'>KHD hebt Ergebnisprognose an<\/span><\/span><\/span><\/article><article class=\"post-entry post-entry-type-standard post-entry-124288 post-loop-3 post-parity-odd post-entry-last bloglist-excerpt  post-124288 post type-post status-publish format-standard hentry category-investor-relations-de category-ir-adhoc-de\"  itemscope=\"itemscope\" itemtype=\"https:\/\/schema.org\/BlogPosting\" ><div class=\"blog-meta\"><\/div><div class='entry-content-wrapper clearfix standard-content'><header class=\"entry-content-header\" aria-label=\"Post: KHD bucht Auftragseingang f\u00fcr Gro\u00dfprojekt in Indien\"><h2 class='post-title entry-title '  itemprop=\"headline\" ><a href=\"https:\/\/www.khd.com\/de\/khd-bucht-auftragseingang-fur-grosprojekt-in-indien\/\" rel=\"bookmark\" title=\"Permanenter Link zu: KHD bucht Auftragseingang f\u00fcr Gro\u00dfprojekt in Indien\">KHD bucht Auftragseingang f\u00fcr Gro\u00dfprojekt in Indien<span class=\"post-format-icon minor-meta\"><\/span><\/a><\/h2><span class=\"post-meta-infos\"><time class=\"date-container minor-meta updated\"  itemprop=\"datePublished\" datetime=\"2025-07-24T11:00:15+02:00\" >24. Juli 2025<\/time><span class=\"text-sep\">\/<\/span><span class=\"blog-categories minor-meta\">in <a href=\"https:\/\/www.khd.com\/de\/category\/investor-relations-de\/\" rel=\"tag\">investor-relations<\/a>, <a href=\"https:\/\/www.khd.com\/de\/category\/investor-relations-de\/ir-adhoc-de\/\" rel=\"tag\">IR \u2013 Ad hoc Disclosures<\/a><\/span><span class=\"text-sep\">\/<\/span><span class=\"blog-author minor-meta\">von <span class=\"entry-author-link\"  itemprop=\"author\" ><span class=\"author\"><span class=\"fn\"><a href=\"https:\/\/www.khd.com\/de\/author\/sabine-marzola\/\" title=\"Beitr\u00e4ge von Sabine Marzola\" rel=\"author\">Sabine Marzola<\/a><\/span><\/span><\/span><\/span><\/span><\/header><p>Die Humboldt Wedag India Private Limited (HW India), Neu-Delhi, Indien, eine Tochtergesellschaft der KHD Humboldt Wedag International AG (KHD), K\u00f6ln, hat heute das Auftragspaket von dem Kunden Goldcrest Cement Private Limited als Auftragseingang erfasst.<\/p>\n<div class=\"read-more-link\"><a href=\"https:\/\/www.khd.com\/de\/khd-bucht-auftragseingang-fur-grosprojekt-in-indien\/\" class=\"more-link\">Weiterlesen<span class='more-link-arrow avia-svg-icon avia-font-svg_entypo-fontello' data-av_svg_icon='right-open-big' data-av_iconset='svg_entypo-fontello'><svg version=\"1.1\" xmlns=\"http:\/\/www.w3.org\/2000\/svg\" width=\"15\" height=\"32\" viewBox=\"0 0 15 32\" preserveAspectRatio=\"xMidYMid meet\" role=\"graphics-symbol\" aria-hidden=\"true\">\n<path d=\"M0.416 27.84l11.456-11.84-11.456-11.904q-0.832-0.832 0-1.536 0.832-0.832 1.536 0l12.544 12.608q0.768 0.832 0 1.6l-12.544 12.608q-0.704 0.832-1.536 0-0.832-0.704 0-1.536z\"><\/path>\n<\/svg><\/span><\/a><\/div><footer class=\"entry-footer\"><\/footer><div class='post_delimiter'><\/div><\/div><div class=\"post_author_timeline\"><\/div><span class='hidden'>\n\t\t\t\t<span class='av-structured-data'  itemprop=\"image\" itemscope=\"itemscope\" itemtype=\"https:\/\/schema.org\/ImageObject\" >\n\t\t\t\t\t\t<span itemprop='url'>https:\/\/www.khd.com\/wp-content\/uploads\/2020\/11\/khd-logo.svg<\/span>\n\t\t\t\t\t\t<span itemprop='height'>0<\/span>\n\t\t\t\t\t\t<span itemprop='width'>0<\/span>\n\t\t\t\t<\/span>\n\t\t\t\t<span class='av-structured-data'  itemprop=\"publisher\" itemtype=\"https:\/\/schema.org\/Organization\" itemscope=\"itemscope\" >\n\t\t\t\t\t\t<span itemprop='name'>Sabine Marzola<\/span>\n\t\t\t\t\t\t<span itemprop='logo' itemscope itemtype='https:\/\/schema.org\/ImageObject'>\n\t\t\t\t\t\t\t<span itemprop='url'>https:\/\/www.khd.com\/wp-content\/uploads\/2020\/11\/khd-logo.svg<\/span>\n\t\t\t\t\t\t<\/span>\n\t\t\t\t<\/span><span class='av-structured-data'  itemprop=\"author\" itemscope=\"itemscope\" itemtype=\"https:\/\/schema.org\/Person\" ><span itemprop='name'>Sabine Marzola<\/span><\/span><span class='av-structured-data'  itemprop=\"datePublished\" datetime=\"2025-07-24T11:00:15+02:00\" >2025-07-24 11:00:15<\/span><span class='av-structured-data'  itemprop=\"dateModified\" itemtype=\"https:\/\/schema.org\/dateModified\" >2025-07-24 11:30:40<\/span><span class='av-structured-data'  itemprop=\"mainEntityOfPage\" itemtype=\"https:\/\/schema.org\/mainEntityOfPage\" ><span itemprop='name'>KHD bucht Auftragseingang f\u00fcr Gro\u00dfprojekt in Indien<\/span><\/span><\/span><\/article><div class='bloglist-excerpt'><nav class='pagination'><div class='pagenums'><div class='before'><\/div><div class='numbers'><span class='current'>1<\/span><a href='https:\/\/www.khd.com\/de\/wp-json\/wp\/v2\/posts\/5820\/page\/2\/' class='inactive next_page' >2<\/a><a href='https:\/\/www.khd.com\/de\/wp-json\/wp\/v2\/posts\/5820\/page\/3\/' class='inactive' >3<\/a><\/div><div class='after'><a href='https:\/\/www.khd.com\/de\/wp-json\/wp\/v2\/posts\/5820\/page\/2\/'>&rsaquo;<\/a><a href='https:\/\/www.khd.com\/de\/wp-json\/wp\/v2\/posts\/5820\/page\/23\/'>&raquo;<\/a><\/div><\/div><span class='pagination-meta'>Seite 1 von 23<\/span><\/nav>\n<\/div><\/div><\/p><\/div>\n<\/p>\n","protected":false},"excerpt":{"rendered":"<p>K\u00f6ln, 18. Oktober 2016 \u2013 Der Aufsichtsrat der KHD Humboldt Wedag International AG (KHD), K\u00f6ln, hat heute Herrn Gerold Keune mit sofortiger Wirkung zum Vorstandsvorsitzenden (CEO) ernannt.    <\/p>\n","protected":false},"author":3,"featured_media":0,"comment_status":"open","ping_status":"open","sticky":false,"template":"","format":"standard","meta":{"_acf_changed":false,"footnotes":""},"categories":[59,60],"tags":[],"class_list":["post-5820","post","type-post","status-publish","format-standard","hentry","category-investor-relations-de","category-ir-adhoc-de"],"acf":[],"yoast_head":"<!-- This site is optimized with the Yoast SEO plugin v27.4 - https:\/\/yoast.com\/product\/yoast-seo-wordpress\/ -->\n<title>KHD ernennt neuen Vorstandsvorsitzenden (CEO) - KHD Humboldt Wedag<\/title>\n<meta name=\"robots\" content=\"index, follow, max-snippet:-1, max-image-preview:large, max-video-preview:-1\" \/>\n<link rel=\"canonical\" href=\"https:\/\/www.khd.com\/de\/khd-ernennt-neuen-vorstandsvorsitzenden-ceo\/\" \/>\n<meta property=\"og:locale\" content=\"de_DE\" \/>\n<meta property=\"og:type\" content=\"article\" \/>\n<meta property=\"og:title\" content=\"KHD ernennt neuen Vorstandsvorsitzenden (CEO) - KHD Humboldt Wedag\" \/>\n<meta property=\"og:description\" content=\"K\u00f6ln, 18. Oktober 2016 \u2013 Der Aufsichtsrat der KHD Humboldt Wedag International AG (KHD), K\u00f6ln, hat heute Herrn Gerold Keune mit sofortiger Wirkung zum Vorstandsvorsitzenden (CEO) ernannt.\" \/>\n<meta property=\"og:url\" content=\"https:\/\/www.khd.com\/de\/khd-ernennt-neuen-vorstandsvorsitzenden-ceo\/\" \/>\n<meta property=\"og:site_name\" content=\"KHD Humboldt Wedag\" \/>\n<meta property=\"article:published_time\" content=\"2016-10-18T00:00:50+00:00\" \/>\n<meta property=\"article:modified_time\" content=\"2022-09-20T05:17:37+00:00\" \/>\n<meta name=\"author\" content=\"celine\" \/>\n<meta name=\"twitter:card\" content=\"summary_large_image\" \/>\n<meta name=\"twitter:label1\" content=\"Geschrieben von\" \/>\n\t<meta name=\"twitter:data1\" content=\"celine\" \/>\n\t<meta name=\"twitter:label2\" content=\"Gesch\u00e4tzte Lesezeit\" \/>\n\t<meta name=\"twitter:data2\" content=\"4\u00a0Minuten\" \/>\n<script type=\"application\/ld+json\" class=\"yoast-schema-graph\">{\"@context\":\"https:\\\/\\\/schema.org\",\"@graph\":[{\"@type\":\"Article\",\"@id\":\"https:\\\/\\\/www.khd.com\\\/de\\\/khd-ernennt-neuen-vorstandsvorsitzenden-ceo\\\/#article\",\"isPartOf\":{\"@id\":\"https:\\\/\\\/www.khd.com\\\/de\\\/khd-ernennt-neuen-vorstandsvorsitzenden-ceo\\\/\"},\"author\":{\"name\":\"celine\",\"@id\":\"https:\\\/\\\/www.khd.com\\\/#\\\/schema\\\/person\\\/742ed8798fba23829a52479b5b8e798e\"},\"headline\":\"KHD ernennt neuen Vorstandsvorsitzenden (CEO)\",\"datePublished\":\"2016-10-18T00:00:50+00:00\",\"dateModified\":\"2022-09-20T05:17:37+00:00\",\"mainEntityOfPage\":{\"@id\":\"https:\\\/\\\/www.khd.com\\\/de\\\/khd-ernennt-neuen-vorstandsvorsitzenden-ceo\\\/\"},\"wordCount\":1544,\"commentCount\":0,\"articleSection\":[\"investor-relations\",\"IR \u2013 Ad hoc Disclosures\"],\"inLanguage\":\"de\",\"potentialAction\":[{\"@type\":\"CommentAction\",\"name\":\"Comment\",\"target\":[\"https:\\\/\\\/www.khd.com\\\/de\\\/khd-ernennt-neuen-vorstandsvorsitzenden-ceo\\\/#respond\"]}]},{\"@type\":\"WebPage\",\"@id\":\"https:\\\/\\\/www.khd.com\\\/de\\\/khd-ernennt-neuen-vorstandsvorsitzenden-ceo\\\/\",\"url\":\"https:\\\/\\\/www.khd.com\\\/de\\\/khd-ernennt-neuen-vorstandsvorsitzenden-ceo\\\/\",\"name\":\"KHD ernennt neuen Vorstandsvorsitzenden (CEO) - KHD Humboldt Wedag\",\"isPartOf\":{\"@id\":\"https:\\\/\\\/www.khd.com\\\/#website\"},\"datePublished\":\"2016-10-18T00:00:50+00:00\",\"dateModified\":\"2022-09-20T05:17:37+00:00\",\"author\":{\"@id\":\"https:\\\/\\\/www.khd.com\\\/#\\\/schema\\\/person\\\/742ed8798fba23829a52479b5b8e798e\"},\"breadcrumb\":{\"@id\":\"https:\\\/\\\/www.khd.com\\\/de\\\/khd-ernennt-neuen-vorstandsvorsitzenden-ceo\\\/#breadcrumb\"},\"inLanguage\":\"de\",\"potentialAction\":[{\"@type\":\"ReadAction\",\"target\":[\"https:\\\/\\\/www.khd.com\\\/de\\\/khd-ernennt-neuen-vorstandsvorsitzenden-ceo\\\/\"]}]},{\"@type\":\"BreadcrumbList\",\"@id\":\"https:\\\/\\\/www.khd.com\\\/de\\\/khd-ernennt-neuen-vorstandsvorsitzenden-ceo\\\/#breadcrumb\",\"itemListElement\":[{\"@type\":\"ListItem\",\"position\":1,\"name\":\"Home\",\"item\":\"https:\\\/\\\/www.khd.com\\\/\"},{\"@type\":\"ListItem\",\"position\":2,\"name\":\"KHD ernennt neuen Vorstandsvorsitzenden (CEO)\"}]},{\"@type\":\"WebSite\",\"@id\":\"https:\\\/\\\/www.khd.com\\\/#website\",\"url\":\"https:\\\/\\\/www.khd.com\\\/\",\"name\":\"KHD Humboldt Wedag\",\"description\":\"International\",\"potentialAction\":[{\"@type\":\"SearchAction\",\"target\":{\"@type\":\"EntryPoint\",\"urlTemplate\":\"https:\\\/\\\/www.khd.com\\\/?s={search_term_string}\"},\"query-input\":{\"@type\":\"PropertyValueSpecification\",\"valueRequired\":true,\"valueName\":\"search_term_string\"}}],\"inLanguage\":\"de\"},{\"@type\":\"Person\",\"@id\":\"https:\\\/\\\/www.khd.com\\\/#\\\/schema\\\/person\\\/742ed8798fba23829a52479b5b8e798e\",\"name\":\"celine\",\"image\":{\"@type\":\"ImageObject\",\"inLanguage\":\"de\",\"@id\":\"https:\\\/\\\/secure.gravatar.com\\\/avatar\\\/bc2133607f94002b2d497084f52e627f6c4adc85b48b47af8bf913348d67446d?s=96&r=g\",\"url\":\"https:\\\/\\\/secure.gravatar.com\\\/avatar\\\/bc2133607f94002b2d497084f52e627f6c4adc85b48b47af8bf913348d67446d?s=96&r=g\",\"contentUrl\":\"https:\\\/\\\/secure.gravatar.com\\\/avatar\\\/bc2133607f94002b2d497084f52e627f6c4adc85b48b47af8bf913348d67446d?s=96&r=g\",\"caption\":\"celine\"}}]}<\/script>\n<!-- \/ Yoast SEO plugin. -->","yoast_head_json":{"title":"KHD ernennt neuen Vorstandsvorsitzenden (CEO) - KHD Humboldt Wedag","robots":{"index":"index","follow":"follow","max-snippet":"max-snippet:-1","max-image-preview":"max-image-preview:large","max-video-preview":"max-video-preview:-1"},"canonical":"https:\/\/www.khd.com\/de\/khd-ernennt-neuen-vorstandsvorsitzenden-ceo\/","og_locale":"de_DE","og_type":"article","og_title":"KHD ernennt neuen Vorstandsvorsitzenden (CEO) - KHD Humboldt Wedag","og_description":"K\u00f6ln, 18. Oktober 2016 \u2013 Der Aufsichtsrat der KHD Humboldt Wedag International AG (KHD), K\u00f6ln, hat heute Herrn Gerold Keune mit sofortiger Wirkung zum Vorstandsvorsitzenden (CEO) ernannt.","og_url":"https:\/\/www.khd.com\/de\/khd-ernennt-neuen-vorstandsvorsitzenden-ceo\/","og_site_name":"KHD Humboldt Wedag","article_published_time":"2016-10-18T00:00:50+00:00","article_modified_time":"2022-09-20T05:17:37+00:00","author":"celine","twitter_card":"summary_large_image","twitter_misc":{"Geschrieben von":"celine","Gesch\u00e4tzte Lesezeit":"4\u00a0Minuten"},"schema":{"@context":"https:\/\/schema.org","@graph":[{"@type":"Article","@id":"https:\/\/www.khd.com\/de\/khd-ernennt-neuen-vorstandsvorsitzenden-ceo\/#article","isPartOf":{"@id":"https:\/\/www.khd.com\/de\/khd-ernennt-neuen-vorstandsvorsitzenden-ceo\/"},"author":{"name":"celine","@id":"https:\/\/www.khd.com\/#\/schema\/person\/742ed8798fba23829a52479b5b8e798e"},"headline":"KHD ernennt neuen Vorstandsvorsitzenden (CEO)","datePublished":"2016-10-18T00:00:50+00:00","dateModified":"2022-09-20T05:17:37+00:00","mainEntityOfPage":{"@id":"https:\/\/www.khd.com\/de\/khd-ernennt-neuen-vorstandsvorsitzenden-ceo\/"},"wordCount":1544,"commentCount":0,"articleSection":["investor-relations","IR \u2013 Ad hoc Disclosures"],"inLanguage":"de","potentialAction":[{"@type":"CommentAction","name":"Comment","target":["https:\/\/www.khd.com\/de\/khd-ernennt-neuen-vorstandsvorsitzenden-ceo\/#respond"]}]},{"@type":"WebPage","@id":"https:\/\/www.khd.com\/de\/khd-ernennt-neuen-vorstandsvorsitzenden-ceo\/","url":"https:\/\/www.khd.com\/de\/khd-ernennt-neuen-vorstandsvorsitzenden-ceo\/","name":"KHD ernennt neuen Vorstandsvorsitzenden (CEO) - KHD Humboldt Wedag","isPartOf":{"@id":"https:\/\/www.khd.com\/#website"},"datePublished":"2016-10-18T00:00:50+00:00","dateModified":"2022-09-20T05:17:37+00:00","author":{"@id":"https:\/\/www.khd.com\/#\/schema\/person\/742ed8798fba23829a52479b5b8e798e"},"breadcrumb":{"@id":"https:\/\/www.khd.com\/de\/khd-ernennt-neuen-vorstandsvorsitzenden-ceo\/#breadcrumb"},"inLanguage":"de","potentialAction":[{"@type":"ReadAction","target":["https:\/\/www.khd.com\/de\/khd-ernennt-neuen-vorstandsvorsitzenden-ceo\/"]}]},{"@type":"BreadcrumbList","@id":"https:\/\/www.khd.com\/de\/khd-ernennt-neuen-vorstandsvorsitzenden-ceo\/#breadcrumb","itemListElement":[{"@type":"ListItem","position":1,"name":"Home","item":"https:\/\/www.khd.com\/"},{"@type":"ListItem","position":2,"name":"KHD ernennt neuen Vorstandsvorsitzenden (CEO)"}]},{"@type":"WebSite","@id":"https:\/\/www.khd.com\/#website","url":"https:\/\/www.khd.com\/","name":"KHD Humboldt Wedag","description":"International","potentialAction":[{"@type":"SearchAction","target":{"@type":"EntryPoint","urlTemplate":"https:\/\/www.khd.com\/?s={search_term_string}"},"query-input":{"@type":"PropertyValueSpecification","valueRequired":true,"valueName":"search_term_string"}}],"inLanguage":"de"},{"@type":"Person","@id":"https:\/\/www.khd.com\/#\/schema\/person\/742ed8798fba23829a52479b5b8e798e","name":"celine","image":{"@type":"ImageObject","inLanguage":"de","@id":"https:\/\/secure.gravatar.com\/avatar\/bc2133607f94002b2d497084f52e627f6c4adc85b48b47af8bf913348d67446d?s=96&r=g","url":"https:\/\/secure.gravatar.com\/avatar\/bc2133607f94002b2d497084f52e627f6c4adc85b48b47af8bf913348d67446d?s=96&r=g","contentUrl":"https:\/\/secure.gravatar.com\/avatar\/bc2133607f94002b2d497084f52e627f6c4adc85b48b47af8bf913348d67446d?s=96&r=g","caption":"celine"}}]}},"_links":{"self":[{"href":"https:\/\/www.khd.com\/de\/wp-json\/wp\/v2\/posts\/5820","targetHints":{"allow":["GET"]}}],"collection":[{"href":"https:\/\/www.khd.com\/de\/wp-json\/wp\/v2\/posts"}],"about":[{"href":"https:\/\/www.khd.com\/de\/wp-json\/wp\/v2\/types\/post"}],"author":[{"embeddable":true,"href":"https:\/\/www.khd.com\/de\/wp-json\/wp\/v2\/users\/3"}],"replies":[{"embeddable":true,"href":"https:\/\/www.khd.com\/de\/wp-json\/wp\/v2\/comments?post=5820"}],"version-history":[{"count":6,"href":"https:\/\/www.khd.com\/de\/wp-json\/wp\/v2\/posts\/5820\/revisions"}],"predecessor-version":[{"id":14920,"href":"https:\/\/www.khd.com\/de\/wp-json\/wp\/v2\/posts\/5820\/revisions\/14920"}],"wp:attachment":[{"href":"https:\/\/www.khd.com\/de\/wp-json\/wp\/v2\/media?parent=5820"}],"wp:term":[{"taxonomy":"category","embeddable":true,"href":"https:\/\/www.khd.com\/de\/wp-json\/wp\/v2\/categories?post=5820"},{"taxonomy":"post_tag","embeddable":true,"href":"https:\/\/www.khd.com\/de\/wp-json\/wp\/v2\/tags?post=5820"}],"curies":[{"name":"wp","href":"https:\/\/api.w.org\/{rel}","templated":true}]}}